{"id":1677,"date":"2013-10-02T17:43:59","date_gmt":"2013-10-02T20:43:59","guid":{"rendered":"https:\/\/corporacionamerica.com.uy\/andemita\/?p=1677"},"modified":"2023-11-14T11:00:05","modified_gmt":"2023-11-14T14:00:05","slug":"javier-rey","status":"publish","type":"post","link":"https:\/\/andemitapatagonia.com\/es\/team\/javier-rey","title":{"rendered":"Javier Rey"},"content":{"rendered":"<p>Javier naci\u00f3 y se cri\u00f3 en Buenos Aires con la suerte de haber recorrido en su infancia diversos lugares de nuestro pa\u00eds y en especial la Patagonia, despertando as\u00ed su pasi\u00f3n por la naturaleza y la monta\u00f1a.<\/p>\n<p>De joven siempre destin\u00f3 el tiempo de sus vacaciones a recorrer diversos lugares de la Argentina y realizar all\u00ed distintos trekking.<\/p>\n<p>Con el tiempo le fue surgiendo la inquietud de estudiar temas relacionados con el turismo fue as\u00ed como descubri\u00f3 la carrera de Gu\u00eda de Trekking (ISAS) la que le permiti\u00f3 seguir ampliando sus conocimientos en distintas actividades al aire libre, mientras recorr\u00eda los fascinantes rincones de nuestro querido pa\u00eds e incorporaba informaci\u00f3n sobre la naturaleza y su historia.<\/p>\n<p>Le gusta mucho recorrer diferentes lugares conocer su gente, su cultura y transmitir a los dem\u00e1s su amor por la naturaleza. \u00a0Le apasiona salir a la monta\u00f1a, andar en bici y correr. Le gusta el folklore, tocar la guitarra y cantar esto le proporciona un sensibilidad especial que se logra trasmitir en el contacto con el cliente.<\/p>\n<p>Hoy tiene 37 a\u00f1os y hace 10 que vive con su pareja Nina y su peque\u00f1o Juli\u00e1n en la zona de Lago Guti\u00e9rrez, en Bariloche, lugar que eligi\u00f3 para vivir y que le permiti\u00f3 seguir desarroll\u00e1ndose como persona, gracias a todos los trabajos realizados siempre en contacto con la naturaleza y con la gente que visita la zona.<\/p>\n<p><b>Certificationes y capacitaci\u00f3n:<\/b><\/p>\n<ul>\n<li>ISAS Institude Trekking Guide<\/li>\n<li>W.F.R. First Aid Certified<\/li>\n<\/ul>\n","protected":false},"excerpt":{"rendered":"<p>Javier naci\u00f3 y se cri\u00f3 en Buenos Aires con la suerte de haber recorrido en su infancia diversos lugares de nuestro pa\u00eds y en especial la Patagonia, despertando as\u00ed su pasi\u00f3n por la naturaleza y la monta\u00f1a. De joven siempre destin\u00f3 el tiempo de sus vacaciones a recorrer diversos lugares de la Argentina y realizar&hellip;<\/p>\n","protected":false},"author":2,"featured_media":0,"comment_status":"closed","ping_status":"closed","sticky":false,"template":"","format":"standard","meta":{"_acf_changed":false,"_monsterinsights_skip_tracking":false,"_monsterinsights_sitenote_active":false,"_monsterinsights_sitenote_note":"","_monsterinsights_sitenote_category":0,"_joinchat":[],"footnotes":""},"categories":[28],"tags":[],"class_list":["post-1677","post","type-post","status-publish","format-standard","hentry","category-team","category-28","description-off"],"acf":[],"_links":{"self":[{"href":"https:\/\/andemitapatagonia.com\/es\/wp-json\/wp\/v2\/posts\/1677","targetHints":{"allow":["GET"]}}],"collection":[{"href":"https:\/\/andemitapatagonia.com\/es\/wp-json\/wp\/v2\/posts"}],"about":[{"href":"https:\/\/andemitapatagonia.com\/es\/wp-json\/wp\/v2\/types\/post"}],"author":[{"embeddable":true,"href":"https:\/\/andemitapatagonia.com\/es\/wp-json\/wp\/v2\/users\/2"}],"replies":[{"embeddable":true,"href":"https:\/\/andemitapatagonia.com\/es\/wp-json\/wp\/v2\/comments?post=1677"}],"version-history":[{"count":3,"href":"https:\/\/andemitapatagonia.com\/es\/wp-json\/wp\/v2\/posts\/1677\/revisions"}],"predecessor-version":[{"id":1882,"href":"https:\/\/andemitapatagonia.com\/es\/wp-json\/wp\/v2\/posts\/1677\/revisions\/1882"}],"wp:attachment":[{"href":"https:\/\/andemitapatagonia.com\/es\/wp-json\/wp\/v2\/media?parent=1677"}],"wp:term":[{"taxonomy":"category","embeddable":true,"href":"https:\/\/andemitapatagonia.com\/es\/wp-json\/wp\/v2\/categories?post=1677"},{"taxonomy":"post_tag","embeddable":true,"href":"https:\/\/andemitapatagonia.com\/es\/wp-json\/wp\/v2\/tags?post=1677"}],"curies":[{"name":"wp","href":"https:\/\/api.w.org\/{rel}","templated":true}]}}